{"id":496,"date":"2025-11-12T19:10:55","date_gmt":"2025-11-12T22:10:55","guid":{"rendered":"https:\/\/loriaadvogados.com.br\/?p=496"},"modified":"2026-01-28T17:17:37","modified_gmt":"2026-01-28T20:17:37","slug":"rafhael-na-lista-2025-top-100-future-leaders","status":"publish","type":"post","link":"https:\/\/loriaadvogados.com.br\/en\/rafhael-na-lista-2025-top-100-future-leaders\/","title":{"rendered":"(PT) Rafhael na lista 2025 Top 100 Future Leaders"},"content":{"rendered":"<p class=\"qtranxs-available-languages-message qtranxs-available-languages-message-en\">Sorry, this entry is only available in <a href=\"https:\/\/loriaadvogados.com.br\/pb\/wp-json\/wp\/v2\/posts\/496\" class=\"qtranxs-available-language-link qtranxs-available-language-link-pb\" title=\"PT\">PT<\/a>.<\/p>","protected":false},"excerpt":{"rendered":"<p>Sorry, this entry is only available in PT.<\/p>\n","protected":false},"author":1,"featured_media":497,"comment_status":"closed","ping_status":"closed","sticky":false,"template":"","format":"standard","meta":{"_acf_changed":false,"footnotes":""},"categories":[20],"tags":[],"class_list":["post-496","post","type-post","status-publish","format-standard","has-post-thumbnail","hentry","category-reconhecimento"],"acf":[],"yoast_head":"<!-- This site is optimized with the Yoast SEO plugin v27.4 - https:\/\/yoast.com\/product\/yoast-seo-wordpress\/ -->\n<title>Top 100 Future Leaders: Rafhael na lista 2025<\/title>\n<meta name=\"description\" content=\"Rafhael est\u00e1 listado na 17\u00aa posi\u00e7\u00e3o, sendo um dos tr\u00eas brasileiros inclu\u00eddos na lista 2025 Top 100 Future Leaders.\" \/>\n<meta name=\"robots\" content=\"index, follow, max-snippet:-1, max-image-preview:large, max-video-preview:-1\" \/>\n<link rel=\"canonical\" href=\"https:\/\/loriaadvogados.com.br\/rafhael-na-lista-2025-top-100-future-leaders\/\" \/>\n<meta property=\"og:locale\" content=\"en_US\" \/>\n<meta property=\"og:type\" content=\"article\" \/>\n<meta property=\"og:title\" content=\"Top 100 Future Leaders: Rafhael na lista 2025\" \/>\n<meta property=\"og:description\" content=\"Rafhael est\u00e1 listado na 17\u00aa posi\u00e7\u00e3o, sendo um dos tr\u00eas brasileiros inclu\u00eddos na lista 2025 Top 100 Future Leaders.\" \/>\n<meta property=\"og:url\" content=\"https:\/\/loriaadvogados.com.br\/rafhael-na-lista-2025-top-100-future-leaders\/\" \/>\n<meta property=\"og:site_name\" content=\"Loria Advogados\" \/>\n<meta property=\"article:published_time\" content=\"2025-11-12T22:10:55+00:00\" \/>\n<meta property=\"article:modified_time\" content=\"2026-01-28T20:17:37+00:00\" \/>\n<meta property=\"og:image\" content=\"https:\/\/loriaadvogados.com.br\/wp-content\/uploads\/2025\/11\/Site-Loria-2-2.png\" \/>\n\t<meta property=\"og:image:width\" content=\"1200\" \/>\n\t<meta property=\"og:image:height\" content=\"800\" \/>\n\t<meta property=\"og:image:type\" content=\"image\/png\" \/>\n<meta name=\"author\" content=\"admin\" \/>\n<meta name=\"twitter:card\" content=\"summary_large_image\" \/>\n<meta name=\"twitter:label1\" content=\"Written by\" \/>\n\t<meta name=\"twitter:data1\" content=\"admin\" \/>\n\t<meta name=\"twitter:label2\" content=\"Est. reading time\" \/>\n\t<meta name=\"twitter:data2\" content=\"1 minute\" \/>\n<script type=\"application\/ld+json\" class=\"yoast-schema-graph\">{\"@context\":\"https:\\\/\\\/schema.org\",\"@graph\":[{\"@type\":\"Article\",\"@id\":\"https:\\\/\\\/loriaadvogados.com.br\\\/rafhael-na-lista-2025-top-100-future-leaders\\\/#article\",\"isPartOf\":{\"@id\":\"https:\\\/\\\/loriaadvogados.com.br\\\/rafhael-na-lista-2025-top-100-future-leaders\\\/\"},\"author\":{\"name\":\"admin\",\"@id\":\"https:\\\/\\\/loriaadvogados.com.br\\\/en\\\/#\\\/schema\\\/person\\\/2e9e760adc1b240c93deda981d610e3f\"},\"headline\":\"(PT) Rafhael na lista 2025 Top 100 Future Leaders\",\"datePublished\":\"2025-11-12T22:10:55+00:00\",\"dateModified\":\"2026-01-28T20:17:37+00:00\",\"mainEntityOfPage\":{\"@id\":\"https:\\\/\\\/loriaadvogados.com.br\\\/rafhael-na-lista-2025-top-100-future-leaders\\\/\"},\"wordCount\":133,\"publisher\":{\"@id\":\"https:\\\/\\\/loriaadvogados.com.br\\\/en\\\/#organization\"},\"image\":{\"@id\":\"https:\\\/\\\/loriaadvogados.com.br\\\/rafhael-na-lista-2025-top-100-future-leaders\\\/#primaryimage\"},\"thumbnailUrl\":\"https:\\\/\\\/loriaadvogados.com.br\\\/wp-content\\\/uploads\\\/2025\\\/11\\\/Site-Loria-2-2.png\",\"articleSection\":[\"Recognition\"],\"inLanguage\":\"en-US\"},{\"@type\":\"WebPage\",\"@id\":\"https:\\\/\\\/loriaadvogados.com.br\\\/rafhael-na-lista-2025-top-100-future-leaders\\\/\",\"url\":\"https:\\\/\\\/loriaadvogados.com.br\\\/rafhael-na-lista-2025-top-100-future-leaders\\\/\",\"name\":\"Top 100 Future Leaders: Rafhael na lista 2025\",\"isPartOf\":{\"@id\":\"https:\\\/\\\/loriaadvogados.com.br\\\/en\\\/#website\"},\"primaryImageOfPage\":{\"@id\":\"https:\\\/\\\/loriaadvogados.com.br\\\/rafhael-na-lista-2025-top-100-future-leaders\\\/#primaryimage\"},\"image\":{\"@id\":\"https:\\\/\\\/loriaadvogados.com.br\\\/rafhael-na-lista-2025-top-100-future-leaders\\\/#primaryimage\"},\"thumbnailUrl\":\"https:\\\/\\\/loriaadvogados.com.br\\\/wp-content\\\/uploads\\\/2025\\\/11\\\/Site-Loria-2-2.png\",\"datePublished\":\"2025-11-12T22:10:55+00:00\",\"dateModified\":\"2026-01-28T20:17:37+00:00\",\"description\":\"Rafhael est\u00e1 listado na 17\u00aa posi\u00e7\u00e3o, sendo um dos tr\u00eas brasileiros inclu\u00eddos na lista 2025 Top 100 Future Leaders.\",\"breadcrumb\":{\"@id\":\"https:\\\/\\\/loriaadvogados.com.br\\\/rafhael-na-lista-2025-top-100-future-leaders\\\/#breadcrumb\"},\"inLanguage\":\"en-US\",\"potentialAction\":[{\"@type\":\"ReadAction\",\"target\":[\"https:\\\/\\\/loriaadvogados.com.br\\\/rafhael-na-lista-2025-top-100-future-leaders\\\/\"]}]},{\"@type\":\"ImageObject\",\"inLanguage\":\"en-US\",\"@id\":\"https:\\\/\\\/loriaadvogados.com.br\\\/rafhael-na-lista-2025-top-100-future-leaders\\\/#primaryimage\",\"url\":\"https:\\\/\\\/loriaadvogados.com.br\\\/wp-content\\\/uploads\\\/2025\\\/11\\\/Site-Loria-2-2.png\",\"contentUrl\":\"https:\\\/\\\/loriaadvogados.com.br\\\/wp-content\\\/uploads\\\/2025\\\/11\\\/Site-Loria-2-2.png\",\"width\":1200,\"height\":800,\"caption\":\"Top 100 Future Leaders\"},{\"@type\":\"BreadcrumbList\",\"@id\":\"https:\\\/\\\/loriaadvogados.com.br\\\/rafhael-na-lista-2025-top-100-future-leaders\\\/#breadcrumb\",\"itemListElement\":[{\"@type\":\"ListItem\",\"position\":1,\"name\":\"In\u00edcio\",\"item\":\"https:\\\/\\\/loriaadvogados.com.br\\\/\"},{\"@type\":\"ListItem\",\"position\":2,\"name\":\"Rafhael na lista 2025 Top 100 Future Leaders\"}]},{\"@type\":\"WebSite\",\"@id\":\"https:\\\/\\\/loriaadvogados.com.br\\\/en\\\/#website\",\"url\":\"https:\\\/\\\/loriaadvogados.com.br\\\/en\\\/\",\"name\":\"Loria Advogados\",\"description\":\"\",\"publisher\":{\"@id\":\"https:\\\/\\\/loriaadvogados.com.br\\\/en\\\/#organization\"},\"potentialAction\":[{\"@type\":\"SearchAction\",\"target\":{\"@type\":\"EntryPoint\",\"urlTemplate\":\"https:\\\/\\\/loriaadvogados.com.br\\\/en\\\/?s={search_term_string}\"},\"query-input\":{\"@type\":\"PropertyValueSpecification\",\"valueRequired\":true,\"valueName\":\"search_term_string\"}}],\"inLanguage\":\"en-US\"},{\"@type\":\"Organization\",\"@id\":\"https:\\\/\\\/loriaadvogados.com.br\\\/en\\\/#organization\",\"name\":\"Loria Advogados\",\"url\":\"https:\\\/\\\/loriaadvogados.com.br\\\/en\\\/\",\"logo\":{\"@type\":\"ImageObject\",\"inLanguage\":\"en-US\",\"@id\":\"https:\\\/\\\/loriaadvogados.com.br\\\/en\\\/#\\\/schema\\\/logo\\\/image\\\/\",\"url\":\"https:\\\/\\\/loriaadvogados.com.br\\\/wp-content\\\/uploads\\\/2025\\\/10\\\/loria-advogados.png\",\"contentUrl\":\"https:\\\/\\\/loriaadvogados.com.br\\\/wp-content\\\/uploads\\\/2025\\\/10\\\/loria-advogados.png\",\"width\":960,\"height\":400,\"caption\":\"Loria Advogados\"},\"image\":{\"@id\":\"https:\\\/\\\/loriaadvogados.com.br\\\/en\\\/#\\\/schema\\\/logo\\\/image\\\/\"},\"sameAs\":[\"https:\\\/\\\/www.instagram.com\\\/loriaadvogados\\\/\",\"https:\\\/\\\/www.linkedin.com\\\/company\\\/loria-advogados\\\/\",\"https:\\\/\\\/www.youtube.com\\\/@LoriaAdvogados\"]},{\"@type\":\"Person\",\"@id\":\"https:\\\/\\\/loriaadvogados.com.br\\\/en\\\/#\\\/schema\\\/person\\\/2e9e760adc1b240c93deda981d610e3f\",\"name\":\"admin\",\"image\":{\"@type\":\"ImageObject\",\"inLanguage\":\"en-US\",\"@id\":\"https:\\\/\\\/secure.gravatar.com\\\/avatar\\\/238f8fba2832d2ab89457f4abd7374c2f927ee9232fa70132e32f9e11792338b?s=96&d=mm&r=g\",\"url\":\"https:\\\/\\\/secure.gravatar.com\\\/avatar\\\/238f8fba2832d2ab89457f4abd7374c2f927ee9232fa70132e32f9e11792338b?s=96&d=mm&r=g\",\"contentUrl\":\"https:\\\/\\\/secure.gravatar.com\\\/avatar\\\/238f8fba2832d2ab89457f4abd7374c2f927ee9232fa70132e32f9e11792338b?s=96&d=mm&r=g\",\"caption\":\"admin\"},\"sameAs\":[\"https:\\\/\\\/loriaadvogados.com.br\"],\"url\":\"https:\\\/\\\/loriaadvogados.com.br\\\/en\\\/author\\\/admin\\\/\"}]}<\/script>\n<!-- \/ Yoast SEO plugin. -->","yoast_head_json":{"title":"Top 100 Future Leaders: Rafhael na lista 2025","description":"Rafhael est\u00e1 listado na 17\u00aa posi\u00e7\u00e3o, sendo um dos tr\u00eas brasileiros inclu\u00eddos na lista 2025 Top 100 Future Leaders.","robots":{"index":"index","follow":"follow","max-snippet":"max-snippet:-1","max-image-preview":"max-image-preview:large","max-video-preview":"max-video-preview:-1"},"canonical":"https:\/\/loriaadvogados.com.br\/rafhael-na-lista-2025-top-100-future-leaders\/","og_locale":"en_US","og_type":"article","og_title":"Top 100 Future Leaders: Rafhael na lista 2025","og_description":"Rafhael est\u00e1 listado na 17\u00aa posi\u00e7\u00e3o, sendo um dos tr\u00eas brasileiros inclu\u00eddos na lista 2025 Top 100 Future Leaders.","og_url":"https:\/\/loriaadvogados.com.br\/rafhael-na-lista-2025-top-100-future-leaders\/","og_site_name":"Loria Advogados","article_published_time":"2025-11-12T22:10:55+00:00","article_modified_time":"2026-01-28T20:17:37+00:00","og_image":[{"width":1200,"height":800,"url":"https:\/\/loriaadvogados.com.br\/wp-content\/uploads\/2025\/11\/Site-Loria-2-2.png","type":"image\/png"}],"author":"admin","twitter_card":"summary_large_image","twitter_misc":{"Written by":"admin","Est. reading time":"1 minute"},"schema":{"@context":"https:\/\/schema.org","@graph":[{"@type":"Article","@id":"https:\/\/loriaadvogados.com.br\/rafhael-na-lista-2025-top-100-future-leaders\/#article","isPartOf":{"@id":"https:\/\/loriaadvogados.com.br\/rafhael-na-lista-2025-top-100-future-leaders\/"},"author":{"name":"admin","@id":"https:\/\/loriaadvogados.com.br\/en\/#\/schema\/person\/2e9e760adc1b240c93deda981d610e3f"},"headline":"(PT) Rafhael na lista 2025 Top 100 Future Leaders","datePublished":"2025-11-12T22:10:55+00:00","dateModified":"2026-01-28T20:17:37+00:00","mainEntityOfPage":{"@id":"https:\/\/loriaadvogados.com.br\/rafhael-na-lista-2025-top-100-future-leaders\/"},"wordCount":133,"publisher":{"@id":"https:\/\/loriaadvogados.com.br\/en\/#organization"},"image":{"@id":"https:\/\/loriaadvogados.com.br\/rafhael-na-lista-2025-top-100-future-leaders\/#primaryimage"},"thumbnailUrl":"https:\/\/loriaadvogados.com.br\/wp-content\/uploads\/2025\/11\/Site-Loria-2-2.png","articleSection":["Recognition"],"inLanguage":"en-US"},{"@type":"WebPage","@id":"https:\/\/loriaadvogados.com.br\/rafhael-na-lista-2025-top-100-future-leaders\/","url":"https:\/\/loriaadvogados.com.br\/rafhael-na-lista-2025-top-100-future-leaders\/","name":"Top 100 Future Leaders: Rafhael na lista 2025","isPartOf":{"@id":"https:\/\/loriaadvogados.com.br\/en\/#website"},"primaryImageOfPage":{"@id":"https:\/\/loriaadvogados.com.br\/rafhael-na-lista-2025-top-100-future-leaders\/#primaryimage"},"image":{"@id":"https:\/\/loriaadvogados.com.br\/rafhael-na-lista-2025-top-100-future-leaders\/#primaryimage"},"thumbnailUrl":"https:\/\/loriaadvogados.com.br\/wp-content\/uploads\/2025\/11\/Site-Loria-2-2.png","datePublished":"2025-11-12T22:10:55+00:00","dateModified":"2026-01-28T20:17:37+00:00","description":"Rafhael est\u00e1 listado na 17\u00aa posi\u00e7\u00e3o, sendo um dos tr\u00eas brasileiros inclu\u00eddos na lista 2025 Top 100 Future Leaders.","breadcrumb":{"@id":"https:\/\/loriaadvogados.com.br\/rafhael-na-lista-2025-top-100-future-leaders\/#breadcrumb"},"inLanguage":"en-US","potentialAction":[{"@type":"ReadAction","target":["https:\/\/loriaadvogados.com.br\/rafhael-na-lista-2025-top-100-future-leaders\/"]}]},{"@type":"ImageObject","inLanguage":"en-US","@id":"https:\/\/loriaadvogados.com.br\/rafhael-na-lista-2025-top-100-future-leaders\/#primaryimage","url":"https:\/\/loriaadvogados.com.br\/wp-content\/uploads\/2025\/11\/Site-Loria-2-2.png","contentUrl":"https:\/\/loriaadvogados.com.br\/wp-content\/uploads\/2025\/11\/Site-Loria-2-2.png","width":1200,"height":800,"caption":"Top 100 Future Leaders"},{"@type":"BreadcrumbList","@id":"https:\/\/loriaadvogados.com.br\/rafhael-na-lista-2025-top-100-future-leaders\/#breadcrumb","itemListElement":[{"@type":"ListItem","position":1,"name":"In\u00edcio","item":"https:\/\/loriaadvogados.com.br\/"},{"@type":"ListItem","position":2,"name":"Rafhael na lista 2025 Top 100 Future Leaders"}]},{"@type":"WebSite","@id":"https:\/\/loriaadvogados.com.br\/en\/#website","url":"https:\/\/loriaadvogados.com.br\/en\/","name":"Loria Advogados","description":"","publisher":{"@id":"https:\/\/loriaadvogados.com.br\/en\/#organization"},"potentialAction":[{"@type":"SearchAction","target":{"@type":"EntryPoint","urlTemplate":"https:\/\/loriaadvogados.com.br\/en\/?s={search_term_string}"},"query-input":{"@type":"PropertyValueSpecification","valueRequired":true,"valueName":"search_term_string"}}],"inLanguage":"en-US"},{"@type":"Organization","@id":"https:\/\/loriaadvogados.com.br\/en\/#organization","name":"Loria Advogados","url":"https:\/\/loriaadvogados.com.br\/en\/","logo":{"@type":"ImageObject","inLanguage":"en-US","@id":"https:\/\/loriaadvogados.com.br\/en\/#\/schema\/logo\/image\/","url":"https:\/\/loriaadvogados.com.br\/wp-content\/uploads\/2025\/10\/loria-advogados.png","contentUrl":"https:\/\/loriaadvogados.com.br\/wp-content\/uploads\/2025\/10\/loria-advogados.png","width":960,"height":400,"caption":"Loria Advogados"},"image":{"@id":"https:\/\/loriaadvogados.com.br\/en\/#\/schema\/logo\/image\/"},"sameAs":["https:\/\/www.instagram.com\/loriaadvogados\/","https:\/\/www.linkedin.com\/company\/loria-advogados\/","https:\/\/www.youtube.com\/@LoriaAdvogados"]},{"@type":"Person","@id":"https:\/\/loriaadvogados.com.br\/en\/#\/schema\/person\/2e9e760adc1b240c93deda981d610e3f","name":"admin","image":{"@type":"ImageObject","inLanguage":"en-US","@id":"https:\/\/secure.gravatar.com\/avatar\/238f8fba2832d2ab89457f4abd7374c2f927ee9232fa70132e32f9e11792338b?s=96&d=mm&r=g","url":"https:\/\/secure.gravatar.com\/avatar\/238f8fba2832d2ab89457f4abd7374c2f927ee9232fa70132e32f9e11792338b?s=96&d=mm&r=g","contentUrl":"https:\/\/secure.gravatar.com\/avatar\/238f8fba2832d2ab89457f4abd7374c2f927ee9232fa70132e32f9e11792338b?s=96&d=mm&r=g","caption":"admin"},"sameAs":["https:\/\/loriaadvogados.com.br"],"url":"https:\/\/loriaadvogados.com.br\/en\/author\/admin\/"}]}},"_links":{"self":[{"href":"https:\/\/loriaadvogados.com.br\/en\/wp-json\/wp\/v2\/posts\/496","targetHints":{"allow":["GET"]}}],"collection":[{"href":"https:\/\/loriaadvogados.com.br\/en\/wp-json\/wp\/v2\/posts"}],"about":[{"href":"https:\/\/loriaadvogados.com.br\/en\/wp-json\/wp\/v2\/types\/post"}],"author":[{"embeddable":true,"href":"https:\/\/loriaadvogados.com.br\/en\/wp-json\/wp\/v2\/users\/1"}],"replies":[{"embeddable":true,"href":"https:\/\/loriaadvogados.com.br\/en\/wp-json\/wp\/v2\/comments?post=496"}],"version-history":[{"count":0,"href":"https:\/\/loriaadvogados.com.br\/en\/wp-json\/wp\/v2\/posts\/496\/revisions"}],"wp:featuredmedia":[{"embeddable":true,"href":"https:\/\/loriaadvogados.com.br\/en\/wp-json\/wp\/v2\/media\/497"}],"wp:attachment":[{"href":"https:\/\/loriaadvogados.com.br\/en\/wp-json\/wp\/v2\/media?parent=496"}],"wp:term":[{"taxonomy":"category","embeddable":true,"href":"https:\/\/loriaadvogados.com.br\/en\/wp-json\/wp\/v2\/categories?post=496"},{"taxonomy":"post_tag","embeddable":true,"href":"https:\/\/loriaadvogados.com.br\/en\/wp-json\/wp\/v2\/tags?post=496"}],"curies":[{"name":"wp","href":"https:\/\/api.w.org\/{rel}","templated":true}]}}